{"id":2836,"date":"2024-08-15T16:04:49","date_gmt":"2024-08-15T21:04:49","guid":{"rendered":"https:\/\/fundacioncaballitodemar.org.co\/?p=2836"},"modified":"2025-03-31T13:51:37","modified_gmt":"2025-03-31T18:51:37","slug":"brigada-de-salud-rincon-del-mar","status":"publish","type":"post","link":"https:\/\/fundacioncaballitodemar.org.co\/?p=2836","title":{"rendered":"Brigada de Salud Rincon del Mar"},"content":{"rendered":"\n<p>Nos complace anunciar que nuestra brigada de salud, liderada y realizada por la Fundaci\u00f3n Caballito de Mar en <strong>Rinc\u00f3n del Mar <\/strong>del <strong>22 al 25 de agosto <\/strong>de 2024, fue todo un \u00e9xito. Logramos atender a m\u00e1s de <strong>1114 <\/strong>personas, gracias a la colaboraci\u00f3n de la <strong>Universidad Sim\u00f3n Bol\u00edvar y Metropolitana <\/strong>de <strong>Barranquilla <\/strong>con el apoyo de sus especialistas en <strong>Dermatolog\u00eda, Pediatr\u00eda, Urolog\u00eda, Psicolog\u00eda, Ginecolog\u00eda<\/strong>, entre otras \u00e1reas. A pesar de los desaf\u00edos y dificultades que enfrentamos, podemos decir con orgullo: <br><strong>\u00a1Misi\u00f3n Cumplida !<\/strong><\/p>\n\n\n\n<h2 class=\"wp-block-heading\">Resumen Diagn\u00f3stico Rinc\u00f3n del Mar, San Onofre, Sucre, Colombia<\/h2>\n\n\n\n<figure class=\"wp-block-embed is-type-video is-provider-youtube wp-block-embed-youtube wp-embed-aspect-16-9 wp-has-aspect-ratio\"><div class=\"wp-block-embed__wrapper\">\n<iframe loading=\"lazy\" title=\"BRIGADA DE SALUD DEL 22 AL 25 DE AGOSTO DE 2024 A BENEFICIO DE LAS COMUNIDADES DE RINC\u00d3N DEL MAR.\" width=\"640\" height=\"360\" src=\"https:\/\/www.youtube.com\/embed\/k7UzB6T1bvU?feature=oembed\" frameborder=\"0\" allow=\"accelerometer; autoplay; clipboard-write; encrypted-media; gyroscope; picture-in-picture; web-share\" referrerpolicy=\"strict-origin-when-cross-origin\" allowfullscreen><\/iframe>\n<\/div><\/figure>\n\n\n\n<p>Rinc\u00f3n del Mar es una peque\u00f1a y pintoresca localidad ubicada en el municipio de San Onofre, en el departamento de Sucre, Colombia. Su ubicaci\u00f3n geogr\u00e1fica, en la costa caribe\u00f1a, le confiere un entorno natural privilegiado, caracterizado por playas de arena blanca y una rica biodiversidad. Sin embargo, a pesar de su belleza, esta comunidad enfrenta importantes desaf\u00edos sociol\u00f3gicos y de infraestructura que afectan la calidad de vida de sus habitantes.<\/p>\n\n\n\n<p>Desde el punto de vista sociol\u00f3gico, Rinc\u00f3n del Mar es una poblaci\u00f3n que, aunque se beneficia del turismo, sigue siendo vulnerable en t\u00e9rminos de desarrollo social y econ\u00f3mico. La mayor\u00eda de sus habitantes dependen de actividades relacionadas con la pesca y el turismo, lo que a menudo se traduce en ingresos inestables y limitadas oportunidades laborales. La falta de educaci\u00f3n y acceso a servicios b\u00e1sicos tambi\u00e9n incide en el bienestar de la comunidad, exacerbando problemas de desigualdad y pobreza.<\/p>\n\n\n\n<p>En cuanto a los problemas de salud, Rinc\u00f3n del Mar enfrenta serias carencias en infraestructura sanitaria y acceso a servicios m\u00e9dicos. La escasez de centros de salud adecuadamente equipados y personal m\u00e9dico capacitado limita la atenci\u00f3n a enfermedades comunes y emergencias. Adem\u00e1s, existen preocupaciones relacionadas con la salud p\u00fablica, como el acceso limitado a agua potable y el saneamiento, lo que incrementa el riesgo de enfermedades transmitidas por el agua y otros problemas de salud.<\/p>\n\n\n\n<p>La Fundaci\u00f3n Caballito de Mar ha emprendi\u00f3 brigadas de salud en Rinc\u00f3n del Mar con el objetivo de abordar estas problem\u00e1ticas. Estas brigadas buscan ofrecer atenci\u00f3n m\u00e9dica, educaci\u00f3n en salud, y promover el bienestar general de la comunidad. Sin embargo, el trabajo en esta zona se ve dificultado por el abandono institucional y la falta de recursos, lo que limita la efectividad de las iniciativas y la sostenibilidad de los programas de salud.<\/p>\n\n\n\n<p>En resumen, Rinc\u00f3n del Mar es una comunidad que, a pesar de su belleza natural, enfrenta desaf\u00edos significativos en t\u00e9rminos de salud y desarrollo. La intervenci\u00f3n de la Fundaci\u00f3n Caballito de Mar es crucial para ayudar a mitigar estas dificultades y trabajar hacia un futuro m\u00e1s saludable y equitativo para sus habitantes.<\/p>\n\n\n\n<h3 class=\"wp-block-heading\">Informe Final: Brigada de Salud por la Vida Rincon del Mar, San Onofre, Sucre, Colombia.<\/h3>\n\n\n\n<p><strong>Introducci\u00f3n<\/strong><\/p>\n\n\n\n<p>Del&nbsp;<strong>22 al 25 de agosto de 2024<\/strong>, la&nbsp;<strong>Fundaci\u00f3n Caballito de Mar<\/strong>, en colaboraci\u00f3n con diversas entidades, llev\u00f3 a cabo la&nbsp;<strong>Brigada de Salud por la Vida<\/strong>&nbsp;en el corregimiento de&nbsp;<strong>Rinc\u00f3n del Mar, San Onofre, Sucre.<\/strong>&nbsp;Esta iniciativa tuvo como objetivo ofrecer atenci\u00f3n m\u00e9dica especializada a la comunidad, identificar factores de riesgo en poblaciones vulnerables y mejorar el acceso a servicios de salud en un contexto de alta demanda y limitados recursos sanitarios.<\/p>\n\n\n\n<p>\u2e3b<\/p>\n\n\n\n<p><strong>Objetivos de la Brigada<\/strong><\/p>\n\n\n\n<p><br>1.&nbsp;<strong>Atenci\u00f3n M\u00e9dica Especializada:<\/strong>&nbsp;Proveer consultas de segundo nivel con especialistas m\u00e9dicos a la comunidad local.<br>2.&nbsp;<strong>Detecci\u00f3n de Factores de Riesgo:<\/strong>&nbsp;Identificar condiciones m\u00e9dicas prevalentes, especialmente en mujeres, ni\u00f1os y adultos mayores.<br>3.&nbsp;<strong>Educaci\u00f3n en Salud:&nbsp;<\/strong>Fomentar h\u00e1bitos saludables y concienciar sobre la importancia de la prevenci\u00f3n.<\/p>\n\n\n\n<p>\u2e3b<\/p>\n\n\n\n<p><strong>Estrategia y Organizaci\u00f3n<\/strong><\/p>\n\n\n\n<p>La&nbsp;<strong>Fundaci\u00f3n Caballito de Mar<\/strong>&nbsp;dirigi\u00f3 la estrategia de la brigada, gestionando&nbsp;<strong>recursos m\u00e9dicos, log\u00edsticos y operativos.<\/strong>&nbsp;Se conform\u00f3 un&nbsp;<strong>Comit\u00e9 Organizador Local<\/strong>, integrado por:<\/p>\n\n\n\n<p><strong><br>\u2022 Junta de Acci\u00f3n Comunal<br>\u2022 Secretar\u00eda de Salud Municipal<br>\u2022 Puesto de Salud Local<br>\u2022 Programa Social Balsillas S.A.<br>\u2022 Representantes de la Fundaci\u00f3n Caballito de Mar<\/strong><\/p>\n\n\n\n<p>Se crearon&nbsp;<strong>subcomisiones<\/strong>&nbsp;para la log\u00edstica, suministro de insumos, alojamiento del personal m\u00e9dico y atenci\u00f3n a pacientes.<\/p>\n\n\n\n<p>\u2e3b<\/p>\n\n\n\n<p><strong>Recursos Gestionados<\/strong><\/p>\n\n\n\n<p>Se obtuvieron aportes en dinero y especie, permitiendo la ejecuci\u00f3n de la brigada. Entre los principales aportes se destacan:<\/p>\n\n\n\n<p><strong><br>\u2022 Alojamiento del personal de salud<br>\u2022 Alimentaci\u00f3n y servicios generales<br>\u2022 Transporte del personal m\u00e9dico<br>\u2022 Log\u00edstica operativa<br>\u2022 Suministro de hidrataci\u00f3n y alimentaci\u00f3n<\/strong>: Donaciones de comerciantes y miembros de la comunidad.<\/p>\n\n\n\n<p>\u2e3b<\/p>\n\n\n\n<p><strong>Atenci\u00f3n M\u00e9dica y Especialidades<\/strong><\/p>\n\n\n\n<p>Se organizaron consultas con un equipo m\u00e9dico multidisciplinario compuesto por:<\/p>\n\n\n\n<p><strong><br>\u2022 5 internistas<br>\u2022 2 ur\u00f3logos<br>\u2022 3 pediatras<br>\u2022 2 ginec\u00f3logos<br>\u2022 2 dermat\u00f3logos<br>\u2022 2 opt\u00f3metras<br>\u2022 2 m\u00e9dicos generales<br>\u2022 2 fisioterapeutas<br>\u2022 Nutricionista, psicolog\u00eda y trabajo social<br>\u2022 2 enfermeras y equipo de vacunaci\u00f3n<\/strong><\/p>\n\n\n\n<p>\u2e3b<\/p>\n\n\n\n<p><strong>Resultados de la Brigada<\/strong><\/p>\n\n\n\n<p><br>\u2022 Se realizaron&nbsp;<strong>1.114 consultas<\/strong>&nbsp;en tres d\u00edas, con un promedio de&nbsp;<strong>3 consultas por paciente<\/strong>.<br>\u2022 Se brind\u00f3 atenci\u00f3n a toda la poblaci\u00f3n inscrita sin dejar pacientes sin consulta.<br>\u2022 Se identificaron&nbsp;<strong>condiciones de salud de alto riesgo<\/strong>, principalmente en adultos con enfermedades cr\u00f3nicas y ni\u00f1os en riesgo de desnutrici\u00f3n.<br>\u2022 Se ofrecieron tratamientos m\u00e9dicos y se gestionaron referencias con&nbsp;<strong>EPS locales<\/strong>&nbsp;para ex\u00e1menes y medicamentos adicionales.<br>\u2022&nbsp;<strong>Ausencia de odont\u00f3logos<\/strong>, lo que limit\u00f3 la atenci\u00f3n dental.<\/p>\n\n\n\n<p>\u2e3b<\/p>\n\n\n\n<p><strong>Principales Problemas de Salud Detectados<\/strong><\/p>\n\n\n\n<p><br>1.&nbsp;<strong>Medicina Interna<\/strong>: Hipertensi\u00f3n, diabetes mal controlada, dolor articular, cefaleas.<br>2.&nbsp;<strong>Ginecolog\u00eda<\/strong>: Vaginosis bacteriana, dismenorrea, quistes ov\u00e1ricos y mamarios, embarazo sin control prenatal.<br>3.&nbsp;<strong>Urolog\u00eda<\/strong>: Hiperplasia prost\u00e1tica, hernias inguinales y umbilicales, disfunci\u00f3n er\u00e9ctil.<br>4.&nbsp;<strong>Pediatr\u00eda:<\/strong>&nbsp;Parasitosis, escabiosis, cefaleas, desnutrici\u00f3n.<br>5.&nbsp;<strong>Dermatolog\u00eda<\/strong>: Psoriasis, dermatitis at\u00f3pica y de contacto.<br>6.&nbsp;<strong>Optometr\u00eda<\/strong>: Cataratas, miop\u00eda en j\u00f3venes, ter\u00edgio.<br>7.&nbsp;<strong>Psicolog\u00eda<\/strong>: Casos de ansiedad, depresi\u00f3n, trastornos de conducta e intentos de suicidio.<\/p>\n\n\n\n<p>\u2e3b<\/p>\n\n\n\n<p><strong>Evaluaci\u00f3n y Retos Identificados<\/strong><\/p>\n\n\n\n<p><br>\u2022&nbsp;<strong>Condiciones clim\u00e1ticas adversas<\/strong>&nbsp;(lluvia) dificultar\u00f3n la asistencia de algunos pacientes.<br>\u2022&nbsp;<strong>Escasez de medicamentos<\/strong>, lo que oblig\u00f3 a realizar compras adicionales para urgencias.<br>\u2022&nbsp;<strong>Falta de atenci\u00f3n en salud mental<\/strong>, detect\u00e1ndose casos graves de depresi\u00f3n y abuso sin un sistema de apoyo adecuado.<br>\u2022&nbsp;<strong>Baja participaci\u00f3n de j\u00f3venes y personas con r\u00e9gimen contributivo<\/strong>, limitando el alcance del programa.<\/p>\n\n\n\n<p>\u2e3b<\/p>\n\n\n\n<p><strong>Recomendaciones para Futuras Brigadas<\/strong><\/p>\n\n\n\n<p><br>1.&nbsp;<strong>Fortalecer la sensibilizaci\u00f3n sobre salud mental&nbsp;<\/strong>y la atenci\u00f3n psicol\u00f3gica en la comunidad.<br>2.&nbsp;<strong>Asegurar disponibilidad de medicamentos esenciales<\/strong>&nbsp;mediante acuerdos previos con farmacias y entidades de salud.<br>3.&nbsp;<strong>Incluir odontolog\u00eda&nbsp;<\/strong>como una especialidad prioritaria.<br>4.&nbsp;<strong>Evaluar din\u00e1micas sociales y familiares<\/strong>, incluyendo el impacto del matriarcado en la salud comunitaria.<br>5.&nbsp;<strong>Ampliar la articulaci\u00f3n con EPS locales<\/strong>&nbsp;para facilitar la continuidad del tratamiento de pacientes con enfermedades cr\u00f3nicas.<\/p>\n\n\n\n<p>\u2e3b<\/p>\n\n\n\n<p><strong>Agradecimientos<\/strong><\/p>\n\n\n\n<p>Expresamos nuestro profundo agradecimiento a:<\/p>\n\n\n\n<p><strong><br>\u2022 Fundaci\u00f3n Caballito de Mar, Fundaci\u00f3n PROCAPS y Universidades Sim\u00f3n Bol\u00edvar y Metropolitana de Barranquilla.<br>\u2022 Corporaci\u00f3n Punta Seca, propietarios de caba\u00f1as y donantes locales.<br>\u2022 Secretar\u00eda de Salud de San Onofre y ESE San Onofre.<br>\u2022 Equipo log\u00edstico de voluntarios y comunidad de Rinc\u00f3n del Mar.<\/strong><\/p>\n\n\n\n<p>Gracias a todos los que hicieron posible la&nbsp;<strong>Brigada de Salud por la Vida<\/strong>, un compromiso con el bienestar y la responsabilidad social.<\/p>\n\n\n\n<p>\u2e3b<\/p>\n\n\n\n<p>Conclusi\u00f3n<\/p>\n\n\n\n<p>La&nbsp;<strong>Brigada de Salud por la Vida en Rinc\u00f3n del Mar<\/strong>&nbsp;fue un \u00e9xito en t\u00e9rminos de atenci\u00f3n, detecci\u00f3n de enfermedades y educaci\u00f3n en salud. Sin embargo, la comunidad a\u00fan enfrenta&nbsp;<strong>grandes desaf\u00edos sanitarios<\/strong>&nbsp;que requieren seguimiento y nuevas estrategias para garantizar una atenci\u00f3n continua y sostenible.<\/p>\n\n\n\n<p><strong>Seguimos comprometidos con la salud y el bienestar de las comunidades m\u00e1s vulnerables.<\/strong><\/p>\n\n\n\n<p><strong>Fundaci\u00f3n Caballito de Mar<\/strong><\/p>\n\n\n\n<section id=\"section-g-ly7yy1l\" class=\"wp-block-gutentor-image-slider gutentor-section gutentor-image-slider imageSlider-template1\"><div class=\"gutentor-block-header\"><div class=\"gutentor-section-title enable-title-design seperator-bottom text-center\"><h2 class=\"gutentor-title\">Brigada de Salud Por la Vida Fundaci\u00f3n Caballito de Mar en Rinc\u00f3n del Mar<\/h2><\/div><\/div><div class=\"gutentor-grid-item-wrap\"><div class=\"gutentor-slider-wrapper\" data-dots=\"false\" data-arrows=\"true\" data-infinite=\"false\" data-nextarrow=\"fas fa-angle-right\" data-prevarrow=\"fas fa-angle-left\" data-autoplay=\"true\" data-autoplayspeed=\"3000\" data-fade=\"false\" data-speed=\"300\"><div class=\"gutentor-slider-item\"><div class=\"gutentor-single-item gutentor-single-item-0\"><div class=\"gutentor-single-item-wrap\"><div class=\"gutentor-single-item-image-box\"><div class=\"gutentor-image-thumb\"><img loading=\"lazy\" decoding=\"async\" class=\"normal-image\" src=\"https:\/\/fundacioncaballitodemar.org.co\/wp-content\/uploads\/2025\/03\/Imagen-10.png\" alt=\"\" height=\"710\" width=\"941\" \/><\/div><\/div><\/div><\/div><\/div><div class=\"gutentor-slider-item\"><div class=\"gutentor-single-item gutentor-single-item-1\"><div class=\"gutentor-single-item-wrap\"><div class=\"gutentor-single-item-image-box\"><div class=\"gutentor-image-thumb\"><img loading=\"lazy\" decoding=\"async\" class=\"normal-image\" src=\"https:\/\/fundacioncaballitodemar.org.co\/wp-content\/uploads\/2025\/03\/Imagen-9.png\" alt=\"\" height=\"679\" width=\"964\" \/><\/div><\/div><\/div><\/div><\/div><div class=\"gutentor-slider-item\"><div class=\"gutentor-single-item gutentor-single-item-2\"><div class=\"gutentor-single-item-wrap\"><div class=\"gutentor-single-item-image-box\"><div class=\"gutentor-image-thumb\"><img loading=\"lazy\" decoding=\"async\" class=\"normal-image\" src=\"https:\/\/fundacioncaballitodemar.org.co\/wp-content\/uploads\/2025\/03\/Imagen-7.png\" alt=\"\" height=\"637\" width=\"927\" \/><\/div><\/div><\/div><\/div><\/div><div class=\"gutentor-slider-item\"><div class=\"gutentor-single-item gutentor-single-item-3\"><div class=\"gutentor-single-item-wrap\"><div class=\"gutentor-single-item-image-box\"><div class=\"gutentor-image-thumb\"><img loading=\"lazy\" decoding=\"async\" class=\"normal-image\" src=\"https:\/\/fundacioncaballitodemar.org.co\/wp-content\/uploads\/2025\/03\/Imagen-6.png\" alt=\"\" height=\"660\" width=\"912\" \/><\/div><\/div><\/div><\/div><\/div><div class=\"gutentor-slider-item\"><div class=\"gutentor-single-item gutentor-single-item-4\"><div class=\"gutentor-single-item-wrap\"><div class=\"gutentor-single-item-image-box\"><div class=\"gutentor-image-thumb\"><img loading=\"lazy\" decoding=\"async\" class=\"normal-image\" src=\"https:\/\/fundacioncaballitodemar.org.co\/wp-content\/uploads\/2025\/03\/Imagen-5.png\" alt=\"\" height=\"670\" width=\"1006\" \/><\/div><\/div><\/div><\/div><\/div><div class=\"gutentor-slider-item\"><div class=\"gutentor-single-item gutentor-single-item-5\"><div class=\"gutentor-single-item-wrap\"><div class=\"gutentor-single-item-image-box\"><div class=\"gutentor-image-thumb\"><img loading=\"lazy\" decoding=\"async\" class=\"normal-image\" src=\"https:\/\/fundacioncaballitodemar.org.co\/wp-content\/uploads\/2025\/03\/Imagen-4.png\" alt=\"\" height=\"643\" width=\"981\" \/><\/div><\/div><\/div><\/div><\/div><div class=\"gutentor-slider-item\"><div class=\"gutentor-single-item gutentor-single-item-6\"><div class=\"gutentor-single-item-wrap\"><div class=\"gutentor-single-item-image-box\"><div class=\"gutentor-image-thumb\"><img loading=\"lazy\" decoding=\"async\" class=\"normal-image\" src=\"https:\/\/fundacioncaballitodemar.org.co\/wp-content\/uploads\/2025\/03\/Imagen-3.png\" alt=\"\" height=\"672\" width=\"895\" \/><\/div><\/div><\/div><\/div><\/div><div class=\"gutentor-slider-item\"><div class=\"gutentor-single-item gutentor-single-item-7\"><div class=\"gutentor-single-item-wrap\"><div class=\"gutentor-single-item-image-box\"><div class=\"gutentor-image-thumb\"><img loading=\"lazy\" decoding=\"async\" class=\"normal-image\" src=\"https:\/\/fundacioncaballitodemar.org.co\/wp-content\/uploads\/2025\/03\/Imagen-2.png\" alt=\"\" height=\"675\" width=\"1087\" \/><\/div><\/div><\/div><\/div><\/div><div class=\"gutentor-slider-item\"><div class=\"gutentor-single-item gutentor-single-item-8\"><div class=\"gutentor-single-item-wrap\"><div class=\"gutentor-single-item-image-box\"><div class=\"gutentor-image-thumb\"><img loading=\"lazy\" decoding=\"async\" class=\"normal-image\" src=\"https:\/\/fundacioncaballitodemar.org.co\/wp-content\/uploads\/2025\/03\/Imagen-1.png\" alt=\"\" height=\"400\" width=\"1072\" \/><\/div><\/div><\/div><\/div><\/div><\/div><\/div><\/section>\n\n\n\n<section id=\"g-ms1km1m\" class=\"wp-block-gutentor-m3 section-g-ms1km1m gutentor-module gutentor-container-cover\"><div class=\"grid-container\">\n<div id=\"section-g-xwfzlea\" class=\"wp-block-gutentor-e1 section-g-xwfzlea gutentor-element gutentor-element-advanced-text text-align-center-desktop text-align-center-mobile\"><div class=\"gutentor-text-wrap\"><h2 class=\"gutentor-text\">Una Brigada de Esperanza, Salud y Vida para el Caribe Colombiano<\/h2><\/div><\/div>\n\n\n\n<div id=\"section-g-iih7ijl\" class=\"wp-block-gutentor-e1 section-g-iih7ijl gutentor-element gutentor-element-advanced-text text-align-center-desktop\"><div class=\"gutentor-text-wrap\"><p class=\"gutentor-text\">TU DONACI\u00d3N ES MUY IMPORTANTE PARA LOGRAR <br>ALCANZAR NUESTRA MISI\u00d3N<\/p><\/div><\/div>\n\n\n\n<div id=\"section-g-jm1750e\" class=\"wp-block-gutentor-e1 section-g-jm1750e gutentor-element gutentor-element-advanced-text text-align-center-desktop\"><div class=\"gutentor-text-wrap\"><p class=\"gutentor-text\"><br><img decoding=\"async\" src=\"https:\/\/fundacioncaballitodemar.org.co\/wp-content\/uploads\/2024\/08\/WOMPY-CAMPANA-DONACIONES-Captura-de-pantalla-2024-05-11-a-las-8.49.29-a.-m.png\" alt=\"\"><br><br><strong>Donar a la cuenta de ahorros de<br>Bancolombia:<br>No 005-793889-60<\/strong><br><strong>o Dale Click al Bot\u00f3n Para Donaciones en Colombia<\/strong><br><\/p><\/div><\/div>\n\n\n\n<div id=\"section-g-dhjdeee\" class=\"wp-block-gutentor-e2 section-g-dhjdeee gutentor-element gutentor-element-button button-align-center-desktop\"><span class=\"gutentor-button-wrap\"><a class=\"gutentor-button gutentor-block-button gutentor-icon-hide\" href=\"https:\/\/checkout.wompi.co\/l\/VYCMrV\" target=\"_blank\" rel=\" noopener noreferrer\"><i class=\"gutentor-button-icon fas fa-book\"><\/i><span>CLICK PARA DONAR<\/span><\/a><\/span><\/div>\n\n\n\n<div style=\"height:50px\" aria-hidden=\"true\" class=\"wp-block-spacer\"><\/div>\n\n\n\n<div class=\"wp-block-group has-global-padding is-layout-constrained wp-block-group-is-layout-constrained\">\n<div class=\"wp-block-group has-global-padding is-layout-constrained wp-block-group-is-layout-constrained\">\n<div id=\"section-g-498rp0h\" class=\"wp-block-gutentor-e0 section-g-498rp0h gutentor-element gutentor-element-advanced-text text-align-center-desktop\"><div class=\"gutentor-text-wrap\"><p class=\"gutentor-text\">Tambi\u00e9n aceptamos PayPal y tarjetas de cr\u00e9dito\/d\u00e9bito.<\/p><\/div><\/div>\n\n\n\n<div id=\"section-g-f7pfg77\" class=\"wp-block-gutentor-e6 section-g-f7pfg77 gutentor-element gutentor-element-image gutentor-enabled-width text-align-right-desktop\"><div class=\"gutentor-element-image-box\"><a class=\"gutentor-element-image-link\" href=\"https:\/\/fundacioncaballitodemar.org.co\/?give_forms=donation-form\" target=\"_blank\" rel=\" noopener noreferrer\"><div class=\"gutentor-image-thumb\"><img decoding=\"async\" class=\"normal-image\" src=\"https:\/\/fundacioncaballitodemar.org.co\/wp-content\/uploads\/2019\/12\/credit-card-icons-new.png\" \/><\/div><\/a><\/div><\/div>\n<\/div>\n<\/div>\n<\/div><\/section>\n","protected":false},"excerpt":{"rendered":"<p>Nos complace anunciar que nuestra brigada de salud, liderada y realizada por la Fundaci\u00f3n Caballito de Mar en Rinc\u00f3n del Mar del 22 al 25 de agosto de 2024, fue todo un \u00e9xito. Logramos atender a m\u00e1s de 1114 personas, gracias a la colaboraci\u00f3n de la Universidad Sim\u00f3n Bol\u00edvar y Metropolitana de Barranquilla con el [&hellip;]<\/p>\n","protected":false},"author":1,"featured_media":3522,"comment_status":"open","ping_status":"open","sticky":false,"template":"","format":"standard","meta":{"give_campaign_id":0,"footnotes":""},"categories":[18],"tags":[],"class_list":["post-2836","post","type-post","status-publish","format-standard","has-post-thumbnail","hentry","category-noticias"],"gutentor_comment":0,"yoast_head":"<!-- This site is optimized with the Yoast SEO plugin v26.4 - https:\/\/yoast.com\/wordpress\/plugins\/seo\/ -->\n<title>Brigada de Salud Rincon del Mar - Fundacion Caballito de Mar<\/title>\n<meta name=\"robots\" content=\"index, follow, max-snippet:-1, max-image-preview:large, max-video-preview:-1\" \/>\n<link rel=\"canonical\" href=\"https:\/\/fundacioncaballitodemar.org.co\/?p=2836\" \/>\n<meta property=\"og:locale\" content=\"es_ES\" \/>\n<meta property=\"og:type\" content=\"article\" \/>\n<meta property=\"og:title\" content=\"Brigada de Salud Rincon del Mar - Fundacion Caballito de Mar\" \/>\n<meta property=\"og:description\" content=\"Nos complace anunciar que nuestra brigada de salud, liderada y realizada por la Fundaci\u00f3n Caballito de Mar en Rinc\u00f3n del Mar del 22 al 25 de agosto de 2024, fue todo un \u00e9xito. Logramos atender a m\u00e1s de 1114 personas, gracias a la colaboraci\u00f3n de la Universidad Sim\u00f3n Bol\u00edvar y Metropolitana de Barranquilla con el [&hellip;]\" \/>\n<meta property=\"og:url\" content=\"https:\/\/fundacioncaballitodemar.org.co\/?p=2836\" \/>\n<meta property=\"og:site_name\" content=\"Fundacion Caballito de Mar\" \/>\n<meta property=\"article:publisher\" content=\"https:\/\/www.facebook.com\/FundacionCaballitodeMar\" \/>\n<meta property=\"article:published_time\" content=\"2024-08-15T21:04:49+00:00\" \/>\n<meta property=\"article:modified_time\" content=\"2025-03-31T18:51:37+00:00\" \/>\n<meta property=\"og:image\" content=\"https:\/\/fundacioncaballitodemar.org.co\/wp-content\/uploads\/2024\/08\/WhatsApp-Image-2024-09-20-at-2.38.55-PM-e1727831922314.jpeg\" \/>\n\t<meta property=\"og:image:width\" content=\"900\" \/>\n\t<meta property=\"og:image:height\" content=\"900\" \/>\n\t<meta property=\"og:image:type\" content=\"image\/jpeg\" \/>\n<meta name=\"author\" content=\"host\" \/>\n<meta name=\"twitter:card\" content=\"summary_large_image\" \/>\n<meta name=\"twitter:label1\" content=\"Escrito por\" \/>\n\t<meta name=\"twitter:data1\" content=\"host\" \/>\n\t<meta name=\"twitter:label2\" content=\"Tiempo de lectura\" \/>\n\t<meta name=\"twitter:data2\" content=\"9 minutos\" \/>\n<script type=\"application\/ld+json\" class=\"yoast-schema-graph\">{\"@context\":\"https:\/\/schema.org\",\"@graph\":[{\"@type\":\"Article\",\"@id\":\"https:\/\/fundacioncaballitodemar.org.co\/?p=2836#article\",\"isPartOf\":{\"@id\":\"https:\/\/fundacioncaballitodemar.org.co\/?p=2836\"},\"author\":{\"name\":\"host\",\"@id\":\"https:\/\/fundacioncaballitodemar.org.co\/#\/schema\/person\/08cbeca1dee0cc4b6a881c4abba8d731\"},\"headline\":\"Brigada de Salud Rincon del Mar\",\"datePublished\":\"2024-08-15T21:04:49+00:00\",\"dateModified\":\"2025-03-31T18:51:37+00:00\",\"mainEntityOfPage\":{\"@id\":\"https:\/\/fundacioncaballitodemar.org.co\/?p=2836\"},\"wordCount\":1421,\"commentCount\":0,\"publisher\":{\"@id\":\"https:\/\/fundacioncaballitodemar.org.co\/#organization\"},\"image\":{\"@id\":\"https:\/\/fundacioncaballitodemar.org.co\/?p=2836#primaryimage\"},\"thumbnailUrl\":\"https:\/\/fundacioncaballitodemar.org.co\/wp-content\/uploads\/2024\/08\/WhatsApp-Image-2024-09-20-at-2.38.55-PM-e1727831922314.jpeg\",\"articleSection\":[\"Noticias\"],\"inLanguage\":\"es\",\"potentialAction\":[{\"@type\":\"CommentAction\",\"name\":\"Comment\",\"target\":[\"https:\/\/fundacioncaballitodemar.org.co\/?p=2836#respond\"]}]},{\"@type\":\"WebPage\",\"@id\":\"https:\/\/fundacioncaballitodemar.org.co\/?p=2836\",\"url\":\"https:\/\/fundacioncaballitodemar.org.co\/?p=2836\",\"name\":\"Brigada de Salud Rincon del Mar - Fundacion Caballito de Mar\",\"isPartOf\":{\"@id\":\"https:\/\/fundacioncaballitodemar.org.co\/#website\"},\"primaryImageOfPage\":{\"@id\":\"https:\/\/fundacioncaballitodemar.org.co\/?p=2836#primaryimage\"},\"image\":{\"@id\":\"https:\/\/fundacioncaballitodemar.org.co\/?p=2836#primaryimage\"},\"thumbnailUrl\":\"https:\/\/fundacioncaballitodemar.org.co\/wp-content\/uploads\/2024\/08\/WhatsApp-Image-2024-09-20-at-2.38.55-PM-e1727831922314.jpeg\",\"datePublished\":\"2024-08-15T21:04:49+00:00\",\"dateModified\":\"2025-03-31T18:51:37+00:00\",\"breadcrumb\":{\"@id\":\"https:\/\/fundacioncaballitodemar.org.co\/?p=2836#breadcrumb\"},\"inLanguage\":\"es\",\"potentialAction\":[{\"@type\":\"ReadAction\",\"target\":[\"https:\/\/fundacioncaballitodemar.org.co\/?p=2836\"]}]},{\"@type\":\"ImageObject\",\"inLanguage\":\"es\",\"@id\":\"https:\/\/fundacioncaballitodemar.org.co\/?p=2836#primaryimage\",\"url\":\"https:\/\/fundacioncaballitodemar.org.co\/wp-content\/uploads\/2024\/08\/WhatsApp-Image-2024-09-20-at-2.38.55-PM-e1727831922314.jpeg\",\"contentUrl\":\"https:\/\/fundacioncaballitodemar.org.co\/wp-content\/uploads\/2024\/08\/WhatsApp-Image-2024-09-20-at-2.38.55-PM-e1727831922314.jpeg\",\"width\":900,\"height\":900},{\"@type\":\"BreadcrumbList\",\"@id\":\"https:\/\/fundacioncaballitodemar.org.co\/?p=2836#breadcrumb\",\"itemListElement\":[{\"@type\":\"ListItem\",\"position\":1,\"name\":\"Portada\",\"item\":\"https:\/\/fundacioncaballitodemar.org.co\/\"},{\"@type\":\"ListItem\",\"position\":2,\"name\":\"Brigada de Salud Rincon del Mar\"}]},{\"@type\":\"WebSite\",\"@id\":\"https:\/\/fundacioncaballitodemar.org.co\/#website\",\"url\":\"https:\/\/fundacioncaballitodemar.org.co\/\",\"name\":\"Fundacion Caballito de Mar\",\"description\":\"Fundacion Sin Animo de Lucro\",\"publisher\":{\"@id\":\"https:\/\/fundacioncaballitodemar.org.co\/#organization\"},\"potentialAction\":[{\"@type\":\"SearchAction\",\"target\":{\"@type\":\"EntryPoint\",\"urlTemplate\":\"https:\/\/fundacioncaballitodemar.org.co\/?s={search_term_string}\"},\"query-input\":{\"@type\":\"PropertyValueSpecification\",\"valueRequired\":true,\"valueName\":\"search_term_string\"}}],\"inLanguage\":\"es\"},{\"@type\":\"Organization\",\"@id\":\"https:\/\/fundacioncaballitodemar.org.co\/#organization\",\"name\":\"Fundacion Caballito de Mar\",\"url\":\"https:\/\/fundacioncaballitodemar.org.co\/\",\"logo\":{\"@type\":\"ImageObject\",\"inLanguage\":\"es\",\"@id\":\"https:\/\/fundacioncaballitodemar.org.co\/#\/schema\/logo\/image\/\",\"url\":\"https:\/\/fundacioncaballitodemar.org.co\/wp-content\/uploads\/2024\/04\/cropped-logo-caballito-sin-fondo-1.png\",\"contentUrl\":\"https:\/\/fundacioncaballitodemar.org.co\/wp-content\/uploads\/2024\/04\/cropped-logo-caballito-sin-fondo-1.png\",\"width\":301,\"height\":462,\"caption\":\"Fundacion Caballito de Mar\"},\"image\":{\"@id\":\"https:\/\/fundacioncaballitodemar.org.co\/#\/schema\/logo\/image\/\"},\"sameAs\":[\"https:\/\/www.facebook.com\/FundacionCaballitodeMar\",\"https:\/\/www.youtube.com\/@fundacioncaballitodemar1051\",\"https:\/\/www.instagram.com\/fundacioncaballitodemar\/\"]},{\"@type\":\"Person\",\"@id\":\"https:\/\/fundacioncaballitodemar.org.co\/#\/schema\/person\/08cbeca1dee0cc4b6a881c4abba8d731\",\"name\":\"host\",\"image\":{\"@type\":\"ImageObject\",\"inLanguage\":\"es\",\"@id\":\"https:\/\/fundacioncaballitodemar.org.co\/#\/schema\/person\/image\/\",\"url\":\"https:\/\/secure.gravatar.com\/avatar\/6b368e67b7234624d790fcb478d1fa46?s=96&d=mm&r=g\",\"contentUrl\":\"https:\/\/secure.gravatar.com\/avatar\/6b368e67b7234624d790fcb478d1fa46?s=96&d=mm&r=g\",\"caption\":\"host\"},\"sameAs\":[\"https:\/\/fundacioncaballitodemar.org.co\"],\"url\":\"https:\/\/fundacioncaballitodemar.org.co\/?author=1\"}]}<\/script>\n<!-- \/ Yoast SEO plugin. -->","yoast_head_json":{"title":"Brigada de Salud Rincon del Mar - Fundacion Caballito de Mar","robots":{"index":"index","follow":"follow","max-snippet":"max-snippet:-1","max-image-preview":"max-image-preview:large","max-video-preview":"max-video-preview:-1"},"canonical":"https:\/\/fundacioncaballitodemar.org.co\/?p=2836","og_locale":"es_ES","og_type":"article","og_title":"Brigada de Salud Rincon del Mar - Fundacion Caballito de Mar","og_description":"Nos complace anunciar que nuestra brigada de salud, liderada y realizada por la Fundaci\u00f3n Caballito de Mar en Rinc\u00f3n del Mar del 22 al 25 de agosto de 2024, fue todo un \u00e9xito. Logramos atender a m\u00e1s de 1114 personas, gracias a la colaboraci\u00f3n de la Universidad Sim\u00f3n Bol\u00edvar y Metropolitana de Barranquilla con el [&hellip;]","og_url":"https:\/\/fundacioncaballitodemar.org.co\/?p=2836","og_site_name":"Fundacion Caballito de Mar","article_publisher":"https:\/\/www.facebook.com\/FundacionCaballitodeMar","article_published_time":"2024-08-15T21:04:49+00:00","article_modified_time":"2025-03-31T18:51:37+00:00","og_image":[{"width":900,"height":900,"url":"https:\/\/fundacioncaballitodemar.org.co\/wp-content\/uploads\/2024\/08\/WhatsApp-Image-2024-09-20-at-2.38.55-PM-e1727831922314.jpeg","type":"image\/jpeg"}],"author":"host","twitter_card":"summary_large_image","twitter_misc":{"Escrito por":"host","Tiempo de lectura":"9 minutos"},"schema":{"@context":"https:\/\/schema.org","@graph":[{"@type":"Article","@id":"https:\/\/fundacioncaballitodemar.org.co\/?p=2836#article","isPartOf":{"@id":"https:\/\/fundacioncaballitodemar.org.co\/?p=2836"},"author":{"name":"host","@id":"https:\/\/fundacioncaballitodemar.org.co\/#\/schema\/person\/08cbeca1dee0cc4b6a881c4abba8d731"},"headline":"Brigada de Salud Rincon del Mar","datePublished":"2024-08-15T21:04:49+00:00","dateModified":"2025-03-31T18:51:37+00:00","mainEntityOfPage":{"@id":"https:\/\/fundacioncaballitodemar.org.co\/?p=2836"},"wordCount":1421,"commentCount":0,"publisher":{"@id":"https:\/\/fundacioncaballitodemar.org.co\/#organization"},"image":{"@id":"https:\/\/fundacioncaballitodemar.org.co\/?p=2836#primaryimage"},"thumbnailUrl":"https:\/\/fundacioncaballitodemar.org.co\/wp-content\/uploads\/2024\/08\/WhatsApp-Image-2024-09-20-at-2.38.55-PM-e1727831922314.jpeg","articleSection":["Noticias"],"inLanguage":"es","potentialAction":[{"@type":"CommentAction","name":"Comment","target":["https:\/\/fundacioncaballitodemar.org.co\/?p=2836#respond"]}]},{"@type":"WebPage","@id":"https:\/\/fundacioncaballitodemar.org.co\/?p=2836","url":"https:\/\/fundacioncaballitodemar.org.co\/?p=2836","name":"Brigada de Salud Rincon del Mar - Fundacion Caballito de Mar","isPartOf":{"@id":"https:\/\/fundacioncaballitodemar.org.co\/#website"},"primaryImageOfPage":{"@id":"https:\/\/fundacioncaballitodemar.org.co\/?p=2836#primaryimage"},"image":{"@id":"https:\/\/fundacioncaballitodemar.org.co\/?p=2836#primaryimage"},"thumbnailUrl":"https:\/\/fundacioncaballitodemar.org.co\/wp-content\/uploads\/2024\/08\/WhatsApp-Image-2024-09-20-at-2.38.55-PM-e1727831922314.jpeg","datePublished":"2024-08-15T21:04:49+00:00","dateModified":"2025-03-31T18:51:37+00:00","breadcrumb":{"@id":"https:\/\/fundacioncaballitodemar.org.co\/?p=2836#breadcrumb"},"inLanguage":"es","potentialAction":[{"@type":"ReadAction","target":["https:\/\/fundacioncaballitodemar.org.co\/?p=2836"]}]},{"@type":"ImageObject","inLanguage":"es","@id":"https:\/\/fundacioncaballitodemar.org.co\/?p=2836#primaryimage","url":"https:\/\/fundacioncaballitodemar.org.co\/wp-content\/uploads\/2024\/08\/WhatsApp-Image-2024-09-20-at-2.38.55-PM-e1727831922314.jpeg","contentUrl":"https:\/\/fundacioncaballitodemar.org.co\/wp-content\/uploads\/2024\/08\/WhatsApp-Image-2024-09-20-at-2.38.55-PM-e1727831922314.jpeg","width":900,"height":900},{"@type":"BreadcrumbList","@id":"https:\/\/fundacioncaballitodemar.org.co\/?p=2836#breadcrumb","itemListElement":[{"@type":"ListItem","position":1,"name":"Portada","item":"https:\/\/fundacioncaballitodemar.org.co\/"},{"@type":"ListItem","position":2,"name":"Brigada de Salud Rincon del Mar"}]},{"@type":"WebSite","@id":"https:\/\/fundacioncaballitodemar.org.co\/#website","url":"https:\/\/fundacioncaballitodemar.org.co\/","name":"Fundacion Caballito de Mar","description":"Fundacion Sin Animo de Lucro","publisher":{"@id":"https:\/\/fundacioncaballitodemar.org.co\/#organization"},"potentialAction":[{"@type":"SearchAction","target":{"@type":"EntryPoint","urlTemplate":"https:\/\/fundacioncaballitodemar.org.co\/?s={search_term_string}"},"query-input":{"@type":"PropertyValueSpecification","valueRequired":true,"valueName":"search_term_string"}}],"inLanguage":"es"},{"@type":"Organization","@id":"https:\/\/fundacioncaballitodemar.org.co\/#organization","name":"Fundacion Caballito de Mar","url":"https:\/\/fundacioncaballitodemar.org.co\/","logo":{"@type":"ImageObject","inLanguage":"es","@id":"https:\/\/fundacioncaballitodemar.org.co\/#\/schema\/logo\/image\/","url":"https:\/\/fundacioncaballitodemar.org.co\/wp-content\/uploads\/2024\/04\/cropped-logo-caballito-sin-fondo-1.png","contentUrl":"https:\/\/fundacioncaballitodemar.org.co\/wp-content\/uploads\/2024\/04\/cropped-logo-caballito-sin-fondo-1.png","width":301,"height":462,"caption":"Fundacion Caballito de Mar"},"image":{"@id":"https:\/\/fundacioncaballitodemar.org.co\/#\/schema\/logo\/image\/"},"sameAs":["https:\/\/www.facebook.com\/FundacionCaballitodeMar","https:\/\/www.youtube.com\/@fundacioncaballitodemar1051","https:\/\/www.instagram.com\/fundacioncaballitodemar\/"]},{"@type":"Person","@id":"https:\/\/fundacioncaballitodemar.org.co\/#\/schema\/person\/08cbeca1dee0cc4b6a881c4abba8d731","name":"host","image":{"@type":"ImageObject","inLanguage":"es","@id":"https:\/\/fundacioncaballitodemar.org.co\/#\/schema\/person\/image\/","url":"https:\/\/secure.gravatar.com\/avatar\/6b368e67b7234624d790fcb478d1fa46?s=96&d=mm&r=g","contentUrl":"https:\/\/secure.gravatar.com\/avatar\/6b368e67b7234624d790fcb478d1fa46?s=96&d=mm&r=g","caption":"host"},"sameAs":["https:\/\/fundacioncaballitodemar.org.co"],"url":"https:\/\/fundacioncaballitodemar.org.co\/?author=1"}]}},"_links":{"self":[{"href":"https:\/\/fundacioncaballitodemar.org.co\/index.php?rest_route=\/wp\/v2\/posts\/2836","targetHints":{"allow":["GET"]}}],"collection":[{"href":"https:\/\/fundacioncaballitodemar.org.co\/index.php?rest_route=\/wp\/v2\/posts"}],"about":[{"href":"https:\/\/fundacioncaballitodemar.org.co\/index.php?rest_route=\/wp\/v2\/types\/post"}],"author":[{"embeddable":true,"href":"https:\/\/fundacioncaballitodemar.org.co\/index.php?rest_route=\/wp\/v2\/users\/1"}],"replies":[{"embeddable":true,"href":"https:\/\/fundacioncaballitodemar.org.co\/index.php?rest_route=%2Fwp%2Fv2%2Fcomments&post=2836"}],"version-history":[{"count":4,"href":"https:\/\/fundacioncaballitodemar.org.co\/index.php?rest_route=\/wp\/v2\/posts\/2836\/revisions"}],"predecessor-version":[{"id":4509,"href":"https:\/\/fundacioncaballitodemar.org.co\/index.php?rest_route=\/wp\/v2\/posts\/2836\/revisions\/4509"}],"wp:featuredmedia":[{"embeddable":true,"href":"https:\/\/fundacioncaballitodemar.org.co\/index.php?rest_route=\/wp\/v2\/media\/3522"}],"wp:attachment":[{"href":"https:\/\/fundacioncaballitodemar.org.co\/index.php?rest_route=%2Fwp%2Fv2%2Fmedia&parent=2836"}],"wp:term":[{"taxonomy":"category","embeddable":true,"href":"https:\/\/fundacioncaballitodemar.org.co\/index.php?rest_route=%2Fwp%2Fv2%2Fcategories&post=2836"},{"taxonomy":"post_tag","embeddable":true,"href":"https:\/\/fundacioncaballitodemar.org.co\/index.php?rest_route=%2Fwp%2Fv2%2Ftags&post=2836"}],"curies":[{"name":"wp","href":"https:\/\/api.w.org\/{rel}","templated":true}]}}